{"id":351,"date":"2024-03-11T17:00:00","date_gmt":"2024-03-11T17:00:00","guid":{"rendered":"https:\/\/solidariosestrella.org\/?p=351"},"modified":"2025-07-28T02:07:40","modified_gmt":"2025-07-28T02:07:40","slug":"alerta-sobre-un-fuerte-aumento-delos-casos-de-sarampion-en-el-mundo-3","status":"publish","type":"post","link":"https:\/\/solidariosestrella.org\/en\/alerta-sobre-un-fuerte-aumento-delos-casos-de-sarampion-en-el-mundo-3\/","title":{"rendered":"Alerta sobre un fuerte aumento de los casos de sarampi\u00f3n en el mundo."},"content":{"rendered":"<p>Rep\u00fablica Dominicana est\u00e1 LIBRE de sarampi\u00f3n hace m\u00e1s de dos d\u00e9cadas.<\/p>\n\n\n\n<p>Nuestro inter\u00e9s es el de informar a toda la poblaci\u00f3n no el de alarmar.<\/p>\n\n\n\n<p>Rep\u00fablica Dominicana tiene las vacunas del sarampi\u00f3n disponibles y totalmente gratis, en todos los centros de vacunaci\u00f3n del estado.<\/p>\n\n\n\n<p>Que tus hijos e hijas est\u00e9n vacunados con sus dos dosis, es la mejor forma de prevenci\u00f3n.<\/p>\n\n\n\n<p>Protege a tus ni\u00f1os y ni\u00f1as de esta terrible enfermedad a trav\u00e9s de la vacunaci\u00f3n. No permitas que el sarampi\u00f3n regrese a nuestro pa\u00eds (ya anda por pa\u00edses vecinos).<br>No hagas caso a las personas que no tienen los conocimientos en el tema, no escuches a los conspiranoicos, protege a tu familia y la de los dem\u00e1s.<\/p>\n\n\n\n<p>Le traemos c\u00e1psulas informativas en diversas \u00e1reas expresadas por nuestro equipo de profesionales.<br>Nuestro compromiso es el de educar a las comunidades en especial las vulnerables de nuestro pa\u00eds.<\/p>\n\n\n\n<figure class=\"wp-block-embed is-type-video is-provider-youtube wp-block-embed-youtube wp-embed-aspect-16-9 wp-has-aspect-ratio\"><div class=\"wp-block-embed__wrapper\">\n<iframe title=\"Alerta sobre el sarampi\u00f3n en RD | Fundaci\u00f3n Solidarios Estrella\" width=\"800\" height=\"450\" src=\"https:\/\/www.youtube.com\/embed\/eaZdEoHIDlk?feature=oembed\" frameborder=\"0\" allow=\"accelerometer; autoplay; clipboard-write; encrypted-media; gyroscope; picture-in-picture; web-share\" referrerpolicy=\"strict-origin-when-cross-origin\" allowfullscreen><\/iframe>\n<\/div><\/figure>\n\n\n\n<p><\/p>","protected":false},"excerpt":{"rendered":"<p>Rep\u00fablica Dominicana est\u00e1 LIBRE de sarampi\u00f3n hace m\u00e1s de dos d\u00e9cadas. Nuestro inter\u00e9s es el de informar a toda la poblaci\u00f3n no el de alarmar. Rep\u00fablica Dominicana tiene las vacunas [&hellip;]<\/p>\n","protected":false},"author":1,"featured_media":1617,"comment_status":"closed","ping_status":"closed","sticky":false,"template":"","format":"standard","meta":{"_price":"","_stock":"","_tribe_ticket_header":"","_tribe_default_ticket_provider":"","_tribe_ticket_capacity":"0","_ticket_start_date":"","_ticket_end_date":"","_tribe_ticket_show_description":"","_tribe_ticket_show_not_going":false,"_tribe_ticket_use_global_stock":"","_tribe_ticket_global_stock_level":"","_global_stock_mode":"","_global_stock_cap":"","_tribe_rsvp_for_event":"","_tribe_ticket_going_count":"","_tribe_ticket_not_going_count":"","_tribe_tickets_list":"[]","_tribe_ticket_has_attendee_info_fields":false,"footnotes":""},"categories":[17],"tags":[],"class_list":["post-351","post","type-post","status-publish","format-standard","has-post-thumbnail","hentry","category-general"],"yoast_head":"<!-- This site is optimized with the Yoast SEO plugin v27.4 - https:\/\/yoast.com\/product\/yoast-seo-wordpress\/ -->\n<title>Alerta sobre un fuerte aumento de los casos de sarampi\u00f3n en el mundo. - Solidarios Estrella<\/title>\n<meta name=\"robots\" content=\"index, follow, max-snippet:-1, max-image-preview:large, max-video-preview:-1\" \/>\n<link rel=\"canonical\" href=\"https:\/\/solidariosestrella.org\/en\/alerta-sobre-un-fuerte-aumento-delos-casos-de-sarampion-en-el-mundo-3\/\" \/>\n<meta property=\"og:locale\" content=\"en_US\" \/>\n<meta property=\"og:type\" content=\"article\" \/>\n<meta property=\"og:title\" content=\"Alerta sobre un fuerte aumento de los casos de sarampi\u00f3n en el mundo. - Solidarios Estrella\" \/>\n<meta property=\"og:description\" content=\"Rep\u00fablica Dominicana est\u00e1 LIBRE de sarampi\u00f3n hace m\u00e1s de dos d\u00e9cadas. Nuestro inter\u00e9s es el de informar a toda la poblaci\u00f3n no el de alarmar. Rep\u00fablica Dominicana tiene las vacunas [&hellip;]\" \/>\n<meta property=\"og:url\" content=\"https:\/\/solidariosestrella.org\/en\/alerta-sobre-un-fuerte-aumento-delos-casos-de-sarampion-en-el-mundo-3\/\" \/>\n<meta property=\"og:site_name\" content=\"Solidarios Estrella\" \/>\n<meta property=\"article:publisher\" content=\"https:\/\/www.facebook.com\/profile.php?id=61576196532485\" \/>\n<meta property=\"article:published_time\" content=\"2024-03-11T17:00:00+00:00\" \/>\n<meta property=\"article:modified_time\" content=\"2025-07-28T02:07:40+00:00\" \/>\n<meta property=\"og:image\" content=\"https:\/\/solidariosestrella.org\/wp-content\/uploads\/2025\/06\/Slide-Sarampion-scaled.jpg\" \/>\n\t<meta property=\"og:image:width\" content=\"2560\" \/>\n\t<meta property=\"og:image:height\" content=\"1707\" \/>\n\t<meta property=\"og:image:type\" content=\"image\/jpeg\" \/>\n<meta name=\"author\" content=\"Solidarios Estrella\" \/>\n<meta name=\"twitter:card\" content=\"summary_large_image\" \/>\n<meta name=\"twitter:creator\" content=\"@FSolidariosE\" \/>\n<meta name=\"twitter:site\" content=\"@FSolidariosE\" \/>\n<meta name=\"twitter:label1\" content=\"Written by\" \/>\n\t<meta name=\"twitter:data1\" content=\"Solidarios Estrella\" \/>\n\t<meta name=\"twitter:label2\" content=\"Est. reading time\" \/>\n\t<meta name=\"twitter:data2\" content=\"1 minute\" \/>\n<script type=\"application\/ld+json\" class=\"yoast-schema-graph\">{\"@context\":\"https:\\\/\\\/schema.org\",\"@graph\":[{\"@type\":\"Article\",\"@id\":\"https:\\\/\\\/solidariosestrella.org\\\/alerta-sobre-un-fuerte-aumento-delos-casos-de-sarampion-en-el-mundo-3\\\/#article\",\"isPartOf\":{\"@id\":\"https:\\\/\\\/solidariosestrella.org\\\/alerta-sobre-un-fuerte-aumento-delos-casos-de-sarampion-en-el-mundo-3\\\/\"},\"author\":{\"name\":\"Solidarios Estrella\",\"@id\":\"https:\\\/\\\/solidariosestrella.org\\\/#\\\/schema\\\/person\\\/518762c97f7588e1bbd6d6fa86e7b7eb\"},\"headline\":\"Alerta sobre un fuerte aumento de los casos de sarampi\u00f3n en el mundo.\",\"datePublished\":\"2024-03-11T17:00:00+00:00\",\"dateModified\":\"2025-07-28T02:07:40+00:00\",\"mainEntityOfPage\":{\"@id\":\"https:\\\/\\\/solidariosestrella.org\\\/alerta-sobre-un-fuerte-aumento-delos-casos-de-sarampion-en-el-mundo-3\\\/\"},\"wordCount\":189,\"publisher\":{\"@id\":\"https:\\\/\\\/solidariosestrella.org\\\/#organization\"},\"image\":{\"@id\":\"https:\\\/\\\/solidariosestrella.org\\\/alerta-sobre-un-fuerte-aumento-delos-casos-de-sarampion-en-el-mundo-3\\\/#primaryimage\"},\"thumbnailUrl\":\"https:\\\/\\\/solidariosestrella.org\\\/wp-content\\\/uploads\\\/2025\\\/06\\\/Slide-Sarampion-scaled.jpg\",\"articleSection\":[\"General\"],\"inLanguage\":\"en-US\"},{\"@type\":\"WebPage\",\"@id\":\"https:\\\/\\\/solidariosestrella.org\\\/alerta-sobre-un-fuerte-aumento-delos-casos-de-sarampion-en-el-mundo-3\\\/\",\"url\":\"https:\\\/\\\/solidariosestrella.org\\\/alerta-sobre-un-fuerte-aumento-delos-casos-de-sarampion-en-el-mundo-3\\\/\",\"name\":\"Alerta sobre un fuerte aumento de los casos de sarampi\u00f3n en el mundo. - Solidarios Estrella\",\"isPartOf\":{\"@id\":\"https:\\\/\\\/solidariosestrella.org\\\/#website\"},\"primaryImageOfPage\":{\"@id\":\"https:\\\/\\\/solidariosestrella.org\\\/alerta-sobre-un-fuerte-aumento-delos-casos-de-sarampion-en-el-mundo-3\\\/#primaryimage\"},\"image\":{\"@id\":\"https:\\\/\\\/solidariosestrella.org\\\/alerta-sobre-un-fuerte-aumento-delos-casos-de-sarampion-en-el-mundo-3\\\/#primaryimage\"},\"thumbnailUrl\":\"https:\\\/\\\/solidariosestrella.org\\\/wp-content\\\/uploads\\\/2025\\\/06\\\/Slide-Sarampion-scaled.jpg\",\"datePublished\":\"2024-03-11T17:00:00+00:00\",\"dateModified\":\"2025-07-28T02:07:40+00:00\",\"breadcrumb\":{\"@id\":\"https:\\\/\\\/solidariosestrella.org\\\/alerta-sobre-un-fuerte-aumento-delos-casos-de-sarampion-en-el-mundo-3\\\/#breadcrumb\"},\"inLanguage\":\"en-US\",\"potentialAction\":[{\"@type\":\"ReadAction\",\"target\":[\"https:\\\/\\\/solidariosestrella.org\\\/alerta-sobre-un-fuerte-aumento-delos-casos-de-sarampion-en-el-mundo-3\\\/\"]}]},{\"@type\":\"ImageObject\",\"inLanguage\":\"en-US\",\"@id\":\"https:\\\/\\\/solidariosestrella.org\\\/alerta-sobre-un-fuerte-aumento-delos-casos-de-sarampion-en-el-mundo-3\\\/#primaryimage\",\"url\":\"https:\\\/\\\/solidariosestrella.org\\\/wp-content\\\/uploads\\\/2025\\\/06\\\/Slide-Sarampion-scaled.jpg\",\"contentUrl\":\"https:\\\/\\\/solidariosestrella.org\\\/wp-content\\\/uploads\\\/2025\\\/06\\\/Slide-Sarampion-scaled.jpg\",\"width\":2560,\"height\":1707,\"caption\":\"allergic rash on the body of the patient. 5 year old girl. Caused by reaction to antibiotics\"},{\"@type\":\"BreadcrumbList\",\"@id\":\"https:\\\/\\\/solidariosestrella.org\\\/alerta-sobre-un-fuerte-aumento-delos-casos-de-sarampion-en-el-mundo-3\\\/#breadcrumb\",\"itemListElement\":[{\"@type\":\"ListItem\",\"position\":1,\"name\":\"Home\",\"item\":\"https:\\\/\\\/solidariosestrella.org\\\/\"},{\"@type\":\"ListItem\",\"position\":2,\"name\":\"Alerta sobre un fuerte aumento de los casos de sarampi\u00f3n en el mundo.\"}]},{\"@type\":\"WebSite\",\"@id\":\"https:\\\/\\\/solidariosestrella.org\\\/#website\",\"url\":\"https:\\\/\\\/solidariosestrella.org\\\/\",\"name\":\"Solidarios Estrella\",\"description\":\"\",\"publisher\":{\"@id\":\"https:\\\/\\\/solidariosestrella.org\\\/#organization\"},\"potentialAction\":[{\"@type\":\"SearchAction\",\"target\":{\"@type\":\"EntryPoint\",\"urlTemplate\":\"https:\\\/\\\/solidariosestrella.org\\\/?s={search_term_string}\"},\"query-input\":{\"@type\":\"PropertyValueSpecification\",\"valueRequired\":true,\"valueName\":\"search_term_string\"}}],\"inLanguage\":\"en-US\"},{\"@type\":\"Organization\",\"@id\":\"https:\\\/\\\/solidariosestrella.org\\\/#organization\",\"name\":\"Solidarios Estrella\",\"url\":\"https:\\\/\\\/solidariosestrella.org\\\/\",\"logo\":{\"@type\":\"ImageObject\",\"inLanguage\":\"en-US\",\"@id\":\"https:\\\/\\\/solidariosestrella.org\\\/#\\\/schema\\\/logo\\\/image\\\/\",\"url\":\"https:\\\/\\\/solidariosestrella.org\\\/wp-content\\\/uploads\\\/2025\\\/07\\\/SE_LogoColorHD_250712_V1.png\",\"contentUrl\":\"https:\\\/\\\/solidariosestrella.org\\\/wp-content\\\/uploads\\\/2025\\\/07\\\/SE_LogoColorHD_250712_V1.png\",\"width\":1782,\"height\":406,\"caption\":\"Solidarios Estrella\"},\"image\":{\"@id\":\"https:\\\/\\\/solidariosestrella.org\\\/#\\\/schema\\\/logo\\\/image\\\/\"},\"sameAs\":[\"https:\\\/\\\/www.facebook.com\\\/profile.php?id=61576196532485\",\"https:\\\/\\\/x.com\\\/FSolidariosE\",\"https:\\\/\\\/www.youtube.com\\\/@FundacionSolidariosEstrella\",\"https:\\\/\\\/www.instagram.com\\\/solidariosestrella?utm_source=ig_web_button_share_sheet&igsh=cHI0OW4wYW8ybDE=\"]},{\"@type\":\"Person\",\"@id\":\"https:\\\/\\\/solidariosestrella.org\\\/#\\\/schema\\\/person\\\/518762c97f7588e1bbd6d6fa86e7b7eb\",\"name\":\"Solidarios Estrella\",\"image\":{\"@type\":\"ImageObject\",\"inLanguage\":\"en-US\",\"@id\":\"https:\\\/\\\/secure.gravatar.com\\\/avatar\\\/9b7eb325a22f811e79a7dd7f174c6802c4bc4d8809a33110be29e03fae40bc75?s=96&d=mm&r=g\",\"url\":\"https:\\\/\\\/secure.gravatar.com\\\/avatar\\\/9b7eb325a22f811e79a7dd7f174c6802c4bc4d8809a33110be29e03fae40bc75?s=96&d=mm&r=g\",\"contentUrl\":\"https:\\\/\\\/secure.gravatar.com\\\/avatar\\\/9b7eb325a22f811e79a7dd7f174c6802c4bc4d8809a33110be29e03fae40bc75?s=96&d=mm&r=g\",\"caption\":\"Solidarios Estrella\"},\"sameAs\":[\"https:\\\/\\\/solidariosestrella.org\"],\"url\":\"https:\\\/\\\/solidariosestrella.org\\\/en\\\/author\\\/eduardoespaillat29gmail-com\\\/\"}]}<\/script>\n<!-- \/ Yoast SEO plugin. -->","yoast_head_json":{"title":"Alerta sobre un fuerte aumento de los casos de sarampi\u00f3n en el mundo. - Solidarios Estrella","robots":{"index":"index","follow":"follow","max-snippet":"max-snippet:-1","max-image-preview":"max-image-preview:large","max-video-preview":"max-video-preview:-1"},"canonical":"https:\/\/solidariosestrella.org\/en\/alerta-sobre-un-fuerte-aumento-delos-casos-de-sarampion-en-el-mundo-3\/","og_locale":"en_US","og_type":"article","og_title":"Alerta sobre un fuerte aumento de los casos de sarampi\u00f3n en el mundo. - Solidarios Estrella","og_description":"Rep\u00fablica Dominicana est\u00e1 LIBRE de sarampi\u00f3n hace m\u00e1s de dos d\u00e9cadas. Nuestro inter\u00e9s es el de informar a toda la poblaci\u00f3n no el de alarmar. Rep\u00fablica Dominicana tiene las vacunas [&hellip;]","og_url":"https:\/\/solidariosestrella.org\/en\/alerta-sobre-un-fuerte-aumento-delos-casos-de-sarampion-en-el-mundo-3\/","og_site_name":"Solidarios Estrella","article_publisher":"https:\/\/www.facebook.com\/profile.php?id=61576196532485","article_published_time":"2024-03-11T17:00:00+00:00","article_modified_time":"2025-07-28T02:07:40+00:00","og_image":[{"width":2560,"height":1707,"url":"https:\/\/solidariosestrella.org\/wp-content\/uploads\/2025\/06\/Slide-Sarampion-scaled.jpg","type":"image\/jpeg"}],"author":"Solidarios Estrella","twitter_card":"summary_large_image","twitter_creator":"@FSolidariosE","twitter_site":"@FSolidariosE","twitter_misc":{"Written by":"Solidarios Estrella","Est. reading time":"1 minute"},"schema":{"@context":"https:\/\/schema.org","@graph":[{"@type":"Article","@id":"https:\/\/solidariosestrella.org\/alerta-sobre-un-fuerte-aumento-delos-casos-de-sarampion-en-el-mundo-3\/#article","isPartOf":{"@id":"https:\/\/solidariosestrella.org\/alerta-sobre-un-fuerte-aumento-delos-casos-de-sarampion-en-el-mundo-3\/"},"author":{"name":"Solidarios Estrella","@id":"https:\/\/solidariosestrella.org\/#\/schema\/person\/518762c97f7588e1bbd6d6fa86e7b7eb"},"headline":"Alerta sobre un fuerte aumento de los casos de sarampi\u00f3n en el mundo.","datePublished":"2024-03-11T17:00:00+00:00","dateModified":"2025-07-28T02:07:40+00:00","mainEntityOfPage":{"@id":"https:\/\/solidariosestrella.org\/alerta-sobre-un-fuerte-aumento-delos-casos-de-sarampion-en-el-mundo-3\/"},"wordCount":189,"publisher":{"@id":"https:\/\/solidariosestrella.org\/#organization"},"image":{"@id":"https:\/\/solidariosestrella.org\/alerta-sobre-un-fuerte-aumento-delos-casos-de-sarampion-en-el-mundo-3\/#primaryimage"},"thumbnailUrl":"https:\/\/solidariosestrella.org\/wp-content\/uploads\/2025\/06\/Slide-Sarampion-scaled.jpg","articleSection":["General"],"inLanguage":"en-US"},{"@type":"WebPage","@id":"https:\/\/solidariosestrella.org\/alerta-sobre-un-fuerte-aumento-delos-casos-de-sarampion-en-el-mundo-3\/","url":"https:\/\/solidariosestrella.org\/alerta-sobre-un-fuerte-aumento-delos-casos-de-sarampion-en-el-mundo-3\/","name":"Alerta sobre un fuerte aumento de los casos de sarampi\u00f3n en el mundo. - Solidarios Estrella","isPartOf":{"@id":"https:\/\/solidariosestrella.org\/#website"},"primaryImageOfPage":{"@id":"https:\/\/solidariosestrella.org\/alerta-sobre-un-fuerte-aumento-delos-casos-de-sarampion-en-el-mundo-3\/#primaryimage"},"image":{"@id":"https:\/\/solidariosestrella.org\/alerta-sobre-un-fuerte-aumento-delos-casos-de-sarampion-en-el-mundo-3\/#primaryimage"},"thumbnailUrl":"https:\/\/solidariosestrella.org\/wp-content\/uploads\/2025\/06\/Slide-Sarampion-scaled.jpg","datePublished":"2024-03-11T17:00:00+00:00","dateModified":"2025-07-28T02:07:40+00:00","breadcrumb":{"@id":"https:\/\/solidariosestrella.org\/alerta-sobre-un-fuerte-aumento-delos-casos-de-sarampion-en-el-mundo-3\/#breadcrumb"},"inLanguage":"en-US","potentialAction":[{"@type":"ReadAction","target":["https:\/\/solidariosestrella.org\/alerta-sobre-un-fuerte-aumento-delos-casos-de-sarampion-en-el-mundo-3\/"]}]},{"@type":"ImageObject","inLanguage":"en-US","@id":"https:\/\/solidariosestrella.org\/alerta-sobre-un-fuerte-aumento-delos-casos-de-sarampion-en-el-mundo-3\/#primaryimage","url":"https:\/\/solidariosestrella.org\/wp-content\/uploads\/2025\/06\/Slide-Sarampion-scaled.jpg","contentUrl":"https:\/\/solidariosestrella.org\/wp-content\/uploads\/2025\/06\/Slide-Sarampion-scaled.jpg","width":2560,"height":1707,"caption":"allergic rash on the body of the patient. 5 year old girl. Caused by reaction to antibiotics"},{"@type":"BreadcrumbList","@id":"https:\/\/solidariosestrella.org\/alerta-sobre-un-fuerte-aumento-delos-casos-de-sarampion-en-el-mundo-3\/#breadcrumb","itemListElement":[{"@type":"ListItem","position":1,"name":"Home","item":"https:\/\/solidariosestrella.org\/"},{"@type":"ListItem","position":2,"name":"Alerta sobre un fuerte aumento de los casos de sarampi\u00f3n en el mundo."}]},{"@type":"WebSite","@id":"https:\/\/solidariosestrella.org\/#website","url":"https:\/\/solidariosestrella.org\/","name":"Solidarios Estrella","description":"","publisher":{"@id":"https:\/\/solidariosestrella.org\/#organization"},"potentialAction":[{"@type":"SearchAction","target":{"@type":"EntryPoint","urlTemplate":"https:\/\/solidariosestrella.org\/?s={search_term_string}"},"query-input":{"@type":"PropertyValueSpecification","valueRequired":true,"valueName":"search_term_string"}}],"inLanguage":"en-US"},{"@type":"Organization","@id":"https:\/\/solidariosestrella.org\/#organization","name":"Solidarios Estrella","url":"https:\/\/solidariosestrella.org\/","logo":{"@type":"ImageObject","inLanguage":"en-US","@id":"https:\/\/solidariosestrella.org\/#\/schema\/logo\/image\/","url":"https:\/\/solidariosestrella.org\/wp-content\/uploads\/2025\/07\/SE_LogoColorHD_250712_V1.png","contentUrl":"https:\/\/solidariosestrella.org\/wp-content\/uploads\/2025\/07\/SE_LogoColorHD_250712_V1.png","width":1782,"height":406,"caption":"Solidarios Estrella"},"image":{"@id":"https:\/\/solidariosestrella.org\/#\/schema\/logo\/image\/"},"sameAs":["https:\/\/www.facebook.com\/profile.php?id=61576196532485","https:\/\/x.com\/FSolidariosE","https:\/\/www.youtube.com\/@FundacionSolidariosEstrella","https:\/\/www.instagram.com\/solidariosestrella?utm_source=ig_web_button_share_sheet&igsh=cHI0OW4wYW8ybDE="]},{"@type":"Person","@id":"https:\/\/solidariosestrella.org\/#\/schema\/person\/518762c97f7588e1bbd6d6fa86e7b7eb","name":"Solidarios Estrella","image":{"@type":"ImageObject","inLanguage":"en-US","@id":"https:\/\/secure.gravatar.com\/avatar\/9b7eb325a22f811e79a7dd7f174c6802c4bc4d8809a33110be29e03fae40bc75?s=96&d=mm&r=g","url":"https:\/\/secure.gravatar.com\/avatar\/9b7eb325a22f811e79a7dd7f174c6802c4bc4d8809a33110be29e03fae40bc75?s=96&d=mm&r=g","contentUrl":"https:\/\/secure.gravatar.com\/avatar\/9b7eb325a22f811e79a7dd7f174c6802c4bc4d8809a33110be29e03fae40bc75?s=96&d=mm&r=g","caption":"Solidarios Estrella"},"sameAs":["https:\/\/solidariosestrella.org"],"url":"https:\/\/solidariosestrella.org\/en\/author\/eduardoespaillat29gmail-com\/"}]}},"_links":{"self":[{"href":"https:\/\/solidariosestrella.org\/en\/wp-json\/wp\/v2\/posts\/351","targetHints":{"allow":["GET"]}}],"collection":[{"href":"https:\/\/solidariosestrella.org\/en\/wp-json\/wp\/v2\/posts"}],"about":[{"href":"https:\/\/solidariosestrella.org\/en\/wp-json\/wp\/v2\/types\/post"}],"author":[{"embeddable":true,"href":"https:\/\/solidariosestrella.org\/en\/wp-json\/wp\/v2\/users\/1"}],"replies":[{"embeddable":true,"href":"https:\/\/solidariosestrella.org\/en\/wp-json\/wp\/v2\/comments?post=351"}],"version-history":[{"count":0,"href":"https:\/\/solidariosestrella.org\/en\/wp-json\/wp\/v2\/posts\/351\/revisions"}],"wp:featuredmedia":[{"embeddable":true,"href":"https:\/\/solidariosestrella.org\/en\/wp-json\/wp\/v2\/media\/1617"}],"wp:attachment":[{"href":"https:\/\/solidariosestrella.org\/en\/wp-json\/wp\/v2\/media?parent=351"}],"wp:term":[{"taxonomy":"category","embeddable":true,"href":"https:\/\/solidariosestrella.org\/en\/wp-json\/wp\/v2\/categories?post=351"},{"taxonomy":"post_tag","embeddable":true,"href":"https:\/\/solidariosestrella.org\/en\/wp-json\/wp\/v2\/tags?post=351"}],"curies":[{"name":"wp","href":"https:\/\/api.w.org\/{rel}","templated":true}]}}